{"id":1464,"date":"2019-12-10T11:43:17","date_gmt":"2019-12-10T10:43:17","guid":{"rendered":"https:\/\/benzinampel.de\/blog\/?p=1464"},"modified":"2020-01-06T18:00:31","modified_gmt":"2020-01-06T17:00:31","slug":"was-sie-ueber-die-warnwestenpflicht-wissen-muessen","status":"publish","type":"post","link":"https:\/\/benzinampel.de\/blog\/was-sie-ueber-die-warnwestenpflicht-wissen-muessen\/","title":{"rendered":"Was Sie \u00fcber die Warnwestenpflicht wissen m\u00fcssen"},"content":{"rendered":"\n<p>Bei einem Unfall oder einer Panne m\u00fcssen Sie in den meisten F\u00e4llen aus dem Fahrzeug steigen. Um sich selber zu sch\u00fctzen, sollten Sie eine <strong>Warnweste<\/strong> anziehen. <\/p>\n\n\n\n<!--more-->\n\n\n\n<p>Eine Warnweste rettet unter Umst\u00e4nden nicht nur Leben, sondern muss seit 2014 im Fahrzeug mitgef\u00fchrt werden. Au\u00dferdem sorgt sie daf\u00fcr, dass andere Verkehrsteilnehmer Sie rechtzeitig sehen k\u00f6nnen. Wir verraten Ihnen, was Sie sonst noch wissen m\u00fcssen.<\/p>\n\n\n\n<h1 class=\"wp-block-heading\">Wie viele Warnwesten sind pro Fahrzeug Pflicht?<\/h1>\n\n\n\n<p>Pro PKW oder LKW muss eine Warnweste mitgef\u00fchrt werden. Hierbei spielt es keine Rolle, wie viele Insassen im Fahrzeug sitzen. <\/p>\n\n\n\n<p>Handelt es sich um ein gewerbliches Fahrzeug, sieht es anders aus. Hier befinden sich in der Regel immer mehrere Personen im Fahrzeug, weshalb f\u00fcr jede Person eine Warnweste vorhanden sein muss. Generell ist es aber ratsam, auch im Privatfahrzeug f\u00fcr jede Person eine Weste mitzuf\u00fchren. <\/p>\n\n\n\n<p>In nahezu jedem Baumarkt bekommen Sie Warnwesten. Der Preis liegt zwischen zwei bis f\u00fcnf Euro. Je nach Qualit\u00e4t kann dieser nat\u00fcrlich variieren. <\/p>\n\n\n\n<p>Au\u00dferdem bieten viele Fachm\u00e4rkte oder Superm\u00e4rkte Warnwesten an. Auch im Internet sind viele Variationen erh\u00e4ltlich. F\u00fcr Kinder werden sogar kleine Westen angeboten.<\/p>\n\n\n\n<h2 class=\"wp-block-heading\">Gibt es bestimmte Voraussetzungen f\u00fcr eine Warnweste?<\/h2>\n\n\n\n<p>Ja, auch hier gibt es eine Regelung. Das Material muss fluoreszierend sein. Erlaubt sind die Farben rot-orange, gelb und orange. Zudem muss rund herum ein Reflektorstreifen sein. Dieser muss mindestens 5 Zentimeter breit sein. <\/p>\n\n\n\n<p>Ist die Farbe verblasst, erf\u00fcllt eine Warnweste nicht mehr Ihre Anforderungen und muss ersetzt werden. Die Weste sollte daher nicht dauerhaften Sonnenstrahlen ausgesetzt werden, da diese auf Dauer die Weste verblassen. <\/p>\n\n\n\n<p>Im Handel werden Warnwesten nach der neuen Norm EN ISO 20471 angeboten. Westen mit der alten Norm DIN EN 471:2003+A1:2007 d\u00fcrfen aber weiterhin genutzt werden. <\/p>\n\n\n\n<p>Somit k\u00f6nnen Sie jede Weste kaufen, die im Handel angeboten wird und den oben genannten Normen entspricht. <\/p>\n\n\n\n<h3 class=\"wp-block-heading\">Was passiert, wenn keine Warnweste vorhanden ist<\/h3>\n\n\n\n<p>Sie sind verpflichtet, bei einer Polizeikontrolle mindestens eine Warnweste vorzeigen zu k\u00f6nnen. Ist dies nicht der Fall, droht ein Bu\u00dfgeld. Dieses liegt oft bei 15 Euro. Haben Sie daher immer eine Weste griffbereit.<\/p>\n\n\n\n<p>Au\u00dferdem kann eine fehlende Warnweste bei der Hauptuntersuchung als Mangel gewertet werden. <\/p>\n\n\n\n<h3 class=\"wp-block-heading\">Doch wie sieht es aus, wenn Sie im Falle eines Falles keine Warnweste tragen?<\/h3>\n\n\n\n<p>Hier kann Ihnen nichts passieren, da Sie in Eigenverantwortung handeln. Sie m\u00fcssen lediglich eine Warnweste mitf\u00fchren, jedoch nicht tragen. Dennoch sollten Sie bei einer Panne oder einem Unfall dringend eine Warnweste tragen. <\/p>\n\n\n\n<p>So sch\u00fctzen Sie sich und andere Verkehrsteilnehmer. Tragen Sie keine Warnweste und es kommt zu einem Unfall mit Schaden, kann es passieren, dass die Versicherung sich quer stellt. Dem Fahrer wird in so einem Fall oft Fahrl\u00e4ssigkeit vorgeworfen, weshalb Anspr\u00fcche  dem Gesch\u00e4digten gegen\u00fcber abgelehnt werden k\u00f6nnen. <\/p>\n\n\n\n<p>Damit Sie die Warnweste schon vor dem Aussteigen \u00fcberziehen k\u00f6nnen, sollte diese in Griffweite sein. Am besten eignet sich also das Handschuhfach oder ein Seitenfach. <\/p>\n\n\n\n<p>M\u00fcssen Sie die Warnweste erst aus dem Kofferraum holen, k\u00f6nnen Sie sich schon unn\u00f6tigen Gefahren aussetzen. <\/p>\n\n\n\n<h2 class=\"wp-block-heading\"> Wichtiges auf einen Blick:<\/h2>\n\n\n\n<ul><li>Mitf\u00fchren einer Warnweste ist Pflicht<br><\/li><li>Pro Fahrzeug mindestens eine Warnweste<br><\/li><li>Gewerbliche Fahrzeuge ben\u00f6tigen eine Warnweste pro Person<br><\/li><li>Das Tragen einer Warnweste im Falle eines Falles ist keine Pflicht<br><\/li><li>Bei fehlender Weste droht ein Bu\u00dfgeld<br><\/li><li>Bei der Hauptuntersuchung kann eine fehlende Weste als Mangel gewertet werden<br><\/li><\/ul>\n\n\n\n<h3 class=\"wp-block-heading\">Fazit<\/h3>\n\n\n\n<p>Das Mitf\u00fchren einer Warnweste ist Pflicht. So verhindern Sie nicht nur ein Bu\u00dfgeld, sondern sch\u00fctzen sich und andere Verkehrsteilnehmer, wenn es zu einer Panne oder einem Unfall kommt. <\/p>\n\n\n\n<p>Befahren Sie daher immer, mindestens eine Warnweste in Griffweite auf. Noch besser ist es, wenn Sie f\u00fcr jede Person eine mitf\u00fchren.                                                                 <\/p>\n","protected":false},"excerpt":{"rendered":"<p>Bei einem Unfall oder einer Panne m\u00fcssen Sie in den meisten F\u00e4llen aus dem Fahrzeug steigen. Um sich selber zu sch\u00fctzen, sollten Sie eine Warnweste anziehen.<\/p>\n","protected":false},"author":1,"featured_media":1465,"comment_status":"open","ping_status":"closed","sticky":false,"template":"","format":"standard","meta":{"_monsterinsights_skip_tracking":false,"_monsterinsights_sitenote_active":false,"_monsterinsights_sitenote_note":"","_monsterinsights_sitenote_category":0,"footnotes":""},"categories":[64],"tags":[],"_links":{"self":[{"href":"https:\/\/benzinampel.de\/blog\/wp-json\/wp\/v2\/posts\/1464"}],"collection":[{"href":"https:\/\/benzinampel.de\/blog\/wp-json\/wp\/v2\/posts"}],"about":[{"href":"https:\/\/benzinampel.de\/blog\/wp-json\/wp\/v2\/types\/post"}],"author":[{"embeddable":true,"href":"https:\/\/benzinampel.de\/blog\/wp-json\/wp\/v2\/users\/1"}],"replies":[{"embeddable":true,"href":"https:\/\/benzinampel.de\/blog\/wp-json\/wp\/v2\/comments?post=1464"}],"version-history":[{"count":0,"href":"https:\/\/benzinampel.de\/blog\/wp-json\/wp\/v2\/posts\/1464\/revisions"}],"wp:featuredmedia":[{"embeddable":true,"href":"https:\/\/benzinampel.de\/blog\/wp-json\/wp\/v2\/media\/1465"}],"wp:attachment":[{"href":"https:\/\/benzinampel.de\/blog\/wp-json\/wp\/v2\/media?parent=1464"}],"wp:term":[{"taxonomy":"category","embeddable":true,"href":"https:\/\/benzinampel.de\/blog\/wp-json\/wp\/v2\/categories?post=1464"},{"taxonomy":"post_tag","embeddable":true,"href":"https:\/\/benzinampel.de\/blog\/wp-json\/wp\/v2\/tags?post=1464"}],"curies":[{"name":"wp","href":"https:\/\/api.w.org\/{rel}","templated":true}]}}